{"id":13868,"date":"2023-11-13T16:58:22","date_gmt":"2023-11-13T15:58:22","guid":{"rendered":"https:\/\/braun-avocat.com\/the-cobra-case-the-perpetrator-of-a-violent-murder-sentenced-to-25-years-imprisonment-alexandre-braun-defended-the-victims-family\/"},"modified":"2024-09-29T23:23:43","modified_gmt":"2024-09-29T21:23:43","slug":"the-cobra-case-the-perpetrator-of-a-violent-murder-sentenced-to-25-years-imprisonment-alexandre-braun-defended-the-victims-family","status":"publish","type":"post","link":"https:\/\/braun-avocat.com\/en\/the-cobra-case-the-perpetrator-of-a-violent-murder-sentenced-to-25-years-imprisonment-alexandre-braun-defended-the-victims-family\/","title":{"rendered":"The \u201cCobra\u201d case: the perpetrator of a violent murder sentenced to 25 years&#8217; imprisonment, Alexandre Braun defended the victim&#8217;s family."},"content":{"rendered":"<p>Alexandre BRAUN defended, in Pontoise, the family of Sergiu Baicev, who died under the blows of Vitali S., nicknamed \u201cthe cobra\u201d. The latter was sentenced to 25 years in prison.<\/p>\n<p>\u201cLe Parisien\u201d reported on the case in an article, the full version of which can be viewed at <a href=\"https:\/\/www.leparisien.fr\/val-d-oise-95\/arnouville-le-cobra-un-moldave-de-42-ans-juge-pour-lassassinat-sauvage-dun-compatriote-07-11-2023-AOSV2CX53FDO7J24LG55JRPFYI.php\" target=\"_blank\" rel=\"noopener\">https:\/\/www.leparisien.fr\/val-d-oise-95\/arnouville-le-cobra-un-moldave-de-42-ans-juge-pour-lassassinat-sauvage-dun-compatriote-07-11-2023-AOSV2CX53FDO7J24LG55JRPFYI.php<\/a><\/p>\n<p>&nbsp;<\/p>\n<p><a href=\"https:\/\/www.leparisien.fr\/val-d-oise-95\/\" target=\"_blank\" rel=\"noopener\"><strong><em>Val-d&#8217;Oise<\/em><\/strong><\/a><\/p>\n<p><strong><em>Arnouville\u00a0: le \u00ab\u00a0Cobra\u00a0\u00bb, un Moldave de 42 ans, jug\u00e9 pour l\u2019assassinat sauvage d\u2019un compatriote<\/em><\/strong><\/p>\n<p><em>Cet homme est jug\u00e9 devant la cour d\u2019assises du Val-d\u2019Oise cette semaine, soup\u00e7onn\u00e9 d\u2019avoir frapp\u00e9 \u00e0 mort un compatriote, le lendemain de No\u00ebl, le 26\u00a0d\u00e9cembre 2020 \u00e0 Arnouville. La victime avait \u00e9t\u00e9 d\u00e9couverte dans une cave d\u2019une demeure cossue.<\/em><\/p>\n<p><strong><em>Par\u00a0<\/em><\/strong><a href=\"https:\/\/www.leparisien.fr\/auteur\/frederic-naizot\/\" target=\"_blank\" rel=\"noopener\"><strong><em>Fr\u00e9d\u00e9ric Naizot<\/em><\/strong><\/a><strong><em>\u00a0<\/em><\/strong><\/p>\n<p><em>Le\u00a07 novembre 2023 \u00e0 18h27<\/em><\/p>\n<p><em>\u00a0<\/em><\/p>\n<p><em>Arnouville (Val-d&#8217;Oise), mardi 7 novembre. C&#8217;est dans la cave de cette belle demeure, place de la R\u00e9publique, que le corps de la victime a \u00e9t\u00e9 d\u00e9couvert par les services de police le 8 janvier 2021. <\/em><\/p>\n<p><em>Un petit escalier en pierre tr\u00e8s \u00e9troit m\u00e8ne \u00e0 la cave vo\u00fbt\u00e9e de cette belle b\u00e2tisse d\u2019Arnouville (Val-d\u2019Oise). Il faut se baisser pour y acc\u00e9der. Des racks de bouteille sont \u00e0 terre, certains sur un matelas pos\u00e9 tout de suite \u00e0 gauche, dans l\u2019angle de la cave. Dessous, un sac de couchage et deux pieds d\u00e9passent. Le corps de celui que tout le monde appelait Arthur est ainsi d\u00e9couvert par les services de police le 8 janvier 2021.<\/em><\/p>\n<p><em>Sergiu Baicev, 37 ans, qui n\u2019avait plus donn\u00e9 de nouvelles depuis le 26 d\u00e9cembre pr\u00e9c\u00e9dent, est vite identifi\u00e9 malgr\u00e9 son visage fracass\u00e9 par les coups. L\u2019enqu\u00eate qui \u00e9tait ouverte pour disparition inqui\u00e9tante a pris une tout autre ampleur ce jour-l\u00e0, lorsque les enqu\u00eateurs de la police judiciaire, tout juste cosaisis de l\u2019affaire, ont pass\u00e9 au crible la b\u00e2tisse de la place de la R\u00e9publique.<\/em><\/p>\n<p><em>Pr\u00e8s de trois ans plus tard, trois hommes sont dans le box des accus\u00e9s depuis lundi, devant la cour d\u2019assises du Val-d\u2019Oise. L\u2019un d\u2019eux, Vitalic S, surnomm\u00e9 \u00ab le cobra \u00bb, doit r\u00e9pondre de l\u2019assassinat de la victime, moldave comme lui. Cet homme de 42 ans, chauve, au visage ac\u00e9r\u00e9, est l\u2019auteur pr\u00e9sum\u00e9 des coups mortels.<\/em><\/p>\n<p><em>(\u2026)<\/em><\/p>\n<p><strong><em>\u00ab Manifestement, il y a trois menteurs et un absent \u00e0 ce proc\u00e8s \u00bb<\/em><\/strong><\/p>\n<p><em>Qui est Vitalic S ? \u00c2g\u00e9 de 42 ans, mari\u00e9, p\u00e8re de deux filles, il travaille dans le b\u00e2timent au moment de l\u2019affaire. Arriv\u00e9 en France \u00e0 Sarcelles en 2019, c\u2019est \u00ab un homme calme et tr\u00e8s respectueux \u00bb, assure son \u00e9pouse. \u00ab Il est serviable et s\u2019occupe bien de sa famille \u00bb, ajoutent des proches qui \u00e9voquent \u00ab un p\u00e8re exemplaire \u00bb. Pour d\u2019autres, \u00ab il s\u2019\u00e9nerve facilement et peut \u00eatre violent quand il est frustr\u00e9 \u00bb, notamment pour le maire de son village en Moldavie o\u00f9 l\u2019accus\u00e9 a quitt\u00e9 l\u2019\u00e9cole en seconde pour se former \u00e0 la menuiserie. Devant l\u2019enqu\u00eatrice de personnalit\u00e9, il a refus\u00e9 d\u2019\u00e9voquer ses condamnations en Moldavie ou il a \u00e9t\u00e9 d\u00e9j\u00e0 incarc\u00e9r\u00e9. <\/em><\/p>\n<p><em>\u00ab Manifestement, il y a trois menteurs et un absent \u00e0 ce proc\u00e8s. La famille esp\u00e8re que devant les \u00e9l\u00e9ments objectifs du dossier, les accus\u00e9s expliqueront ce qui s\u2019est pass\u00e9. Elle attend la v\u00e9rit\u00e9 \u00bb, confie l\u2019avocat de la partie civile, Me Alexandre Braun, qui poursuit : \u00ab Il \u00e9tait arriv\u00e9 r\u00e9cemment, venu chercher une vie meilleure en France. Il est p\u00e8re de trois jeunes enfants. Ce qui s\u2019est pass\u00e9 est d\u2019une violence incroyable. Il est tr\u00e8s rare de voir des victimes abandonn\u00e9es au milieu des gravats. Cela t\u00e9moigne d\u2019une absence absolue de consid\u00e9ration pour la vie humaine. \u00bb<\/em><\/p>\n","protected":false},"excerpt":{"rendered":"<p>Alexandre BRAUN defended, in Pontoise, the family of Sergiu Baicev, who died under the blows of Vitali S., nicknamed \u201cthe cobra\u201d. The latter was sentenced to 25 years in prison. \u201cLe Parisien\u201d reported on the case in an article, the full version of which can be viewed at https:\/\/www.leparisien.fr\/val-d-oise-95\/arnouville-le-cobra-un-moldave-de-42-ans-juge-pour-lassassinat-sauvage-dun-compatriote-07-11-2023-AOSV2CX53FDO7J24LG55JRPFYI.php &nbsp; Val-d&#8217;Oise Arnouville\u00a0: le \u00ab\u00a0Cobra\u00a0\u00bb, un&hellip;&nbsp;<a href=\"https:\/\/braun-avocat.com\/en\/the-cobra-case-the-perpetrator-of-a-violent-murder-sentenced-to-25-years-imprisonment-alexandre-braun-defended-the-victims-family\/\" rel=\"bookmark\">(suite\u2026)<span class=\"screen-reader-text\">The \u201cCobra\u201d case: the perpetrator of a violent murder sentenced to 25 years&#8217; imprisonment, Alexandre Braun defended the victim&#8217;s family.<\/span><\/a><\/p>\n","protected":false},"author":3,"featured_media":13896,"comment_status":"closed","ping_status":"closed","sticky":false,"template":"","format":"standard","meta":{"neve_meta_sidebar":"","neve_meta_container":"","neve_meta_enable_content_width":"off","neve_meta_content_width":70,"neve_meta_title_alignment":"","neve_meta_author_avatar":"","neve_post_elements_order":"","neve_meta_disable_header":"","neve_meta_disable_footer":"","neve_meta_disable_title":"","neve_meta_reading_time":"","footnotes":""},"categories":[84,83],"tags":[],"class_list":["post-13868","post","type-post","status-publish","format-standard","has-post-thumbnail","hentry","category-news","category-no-sidebar-en"],"yoast_head":"<!-- This site is optimized with the Yoast SEO plugin v27.4 - https:\/\/yoast.com\/product\/yoast-seo-wordpress\/ -->\n<title>The \u201cCobra\u201d case: the perpetrator of a violent murder sentenced to 25 years&#039; imprisonment, Alexandre Braun defended the victim&#039;s family. &#8226; Criminal lawyer in Paris<\/title>\n<meta name=\"description\" content=\"The \u201cCobra\u201d case: the perpetrator of a violent murder sentenced to 25 years&#039; imprisonment, Alexandre Braun defended the victim&#039;s family. &#8226; Me Alexandre-M. BRAUN, Avocat P\u00e9naliste \u00e0 Paris et en Ile-de-France (91, 92, 93, 94, 95, 77, 78) - \u260e 01 71 19 78 71 - D\u00e9fense des victimes et mis en cause.\" \/>\n<meta name=\"robots\" content=\"index, follow, max-snippet:-1, max-image-preview:large, max-video-preview:-1\" \/>\n<link rel=\"canonical\" href=\"https:\/\/braun-avocat.com\/en\/the-cobra-case-the-perpetrator-of-a-violent-murder-sentenced-to-25-years-imprisonment-alexandre-braun-defended-the-victims-family\/\" \/>\n<meta property=\"og:locale\" content=\"en_US\" \/>\n<meta property=\"og:type\" content=\"article\" \/>\n<meta property=\"og:title\" content=\"The \u201cCobra\u201d case: the perpetrator of a violent murder sentenced to 25 years&#039; imprisonment, Alexandre Braun defended the victim&#039;s family. &#8226; Criminal lawyer in Paris\" \/>\n<meta property=\"og:description\" content=\"The \u201cCobra\u201d case: the perpetrator of a violent murder sentenced to 25 years&#039; imprisonment, Alexandre Braun defended the victim&#039;s family. &#8226; Me Alexandre-M. BRAUN, Avocat P\u00e9naliste \u00e0 Paris et en Ile-de-France (91, 92, 93, 94, 95, 77, 78) - \u260e 01 71 19 78 71 - D\u00e9fense des victimes et mis en cause.\" \/>\n<meta property=\"og:url\" content=\"https:\/\/braun-avocat.com\/en\/the-cobra-case-the-perpetrator-of-a-violent-murder-sentenced-to-25-years-imprisonment-alexandre-braun-defended-the-victims-family\/\" \/>\n<meta property=\"og:site_name\" content=\"Criminal lawyer in Paris\" \/>\n<meta property=\"article:published_time\" content=\"2023-11-13T15:58:22+00:00\" \/>\n<meta property=\"article:modified_time\" content=\"2024-09-29T21:23:43+00:00\" \/>\n<meta property=\"og:image\" content=\"https:\/\/braun-avocat.com\/wp-content\/uploads\/2023\/11\/Le_Parisien_logo.png\" \/>\n\t<meta property=\"og:image:width\" content=\"2560\" \/>\n\t<meta property=\"og:image:height\" content=\"800\" \/>\n\t<meta property=\"og:image:type\" content=\"image\/png\" \/>\n<meta name=\"author\" content=\"Alexandre Braun\" \/>\n<meta name=\"twitter:card\" content=\"summary_large_image\" \/>\n<meta name=\"twitter:label1\" content=\"Written by\" \/>\n\t<meta name=\"twitter:data1\" content=\"Alexandre Braun\" \/>\n\t<meta name=\"twitter:label2\" content=\"Est. reading time\" \/>\n\t<meta name=\"twitter:data2\" content=\"3 minutes\" \/>\n<script type=\"application\/ld+json\" class=\"yoast-schema-graph\">{\"@context\":\"https:\\\/\\\/schema.org\",\"@graph\":[{\"@type\":\"Article\",\"@id\":\"https:\\\/\\\/braun-avocat.com\\\/en\\\/the-cobra-case-the-perpetrator-of-a-violent-murder-sentenced-to-25-years-imprisonment-alexandre-braun-defended-the-victims-family\\\/#article\",\"isPartOf\":{\"@id\":\"https:\\\/\\\/braun-avocat.com\\\/en\\\/the-cobra-case-the-perpetrator-of-a-violent-murder-sentenced-to-25-years-imprisonment-alexandre-braun-defended-the-victims-family\\\/\"},\"author\":{\"name\":\"Alexandre Braun\",\"@id\":\"https:\\\/\\\/braun-avocat.com\\\/en\\\/#\\\/schema\\\/person\\\/d903129395abfe7a5c88b5cc61a5690b\"},\"headline\":\"The \u201cCobra\u201d case: the perpetrator of a violent murder sentenced to 25 years&#8217; imprisonment, Alexandre Braun defended the victim&#8217;s family.\",\"datePublished\":\"2023-11-13T15:58:22+00:00\",\"dateModified\":\"2024-09-29T21:23:43+00:00\",\"mainEntityOfPage\":{\"@id\":\"https:\\\/\\\/braun-avocat.com\\\/en\\\/the-cobra-case-the-perpetrator-of-a-violent-murder-sentenced-to-25-years-imprisonment-alexandre-braun-defended-the-victims-family\\\/\"},\"wordCount\":652,\"publisher\":{\"@id\":\"https:\\\/\\\/braun-avocat.com\\\/en\\\/#organization\"},\"image\":{\"@id\":\"https:\\\/\\\/braun-avocat.com\\\/en\\\/the-cobra-case-the-perpetrator-of-a-violent-murder-sentenced-to-25-years-imprisonment-alexandre-braun-defended-the-victims-family\\\/#primaryimage\"},\"thumbnailUrl\":\"https:\\\/\\\/braun-avocat.com\\\/wp-content\\\/uploads\\\/2023\\\/11\\\/Le_Parisien_logo.png\",\"articleSection\":[\"News\",\"No sidebar EN\"],\"inLanguage\":\"en-US\"},{\"@type\":\"WebPage\",\"@id\":\"https:\\\/\\\/braun-avocat.com\\\/en\\\/the-cobra-case-the-perpetrator-of-a-violent-murder-sentenced-to-25-years-imprisonment-alexandre-braun-defended-the-victims-family\\\/\",\"url\":\"https:\\\/\\\/braun-avocat.com\\\/en\\\/the-cobra-case-the-perpetrator-of-a-violent-murder-sentenced-to-25-years-imprisonment-alexandre-braun-defended-the-victims-family\\\/\",\"name\":\"The \u201cCobra\u201d case: the perpetrator of a violent murder sentenced to 25 years' imprisonment, Alexandre Braun defended the victim's family. &#8226; Criminal lawyer in Paris\",\"isPartOf\":{\"@id\":\"https:\\\/\\\/braun-avocat.com\\\/en\\\/#website\"},\"primaryImageOfPage\":{\"@id\":\"https:\\\/\\\/braun-avocat.com\\\/en\\\/the-cobra-case-the-perpetrator-of-a-violent-murder-sentenced-to-25-years-imprisonment-alexandre-braun-defended-the-victims-family\\\/#primaryimage\"},\"image\":{\"@id\":\"https:\\\/\\\/braun-avocat.com\\\/en\\\/the-cobra-case-the-perpetrator-of-a-violent-murder-sentenced-to-25-years-imprisonment-alexandre-braun-defended-the-victims-family\\\/#primaryimage\"},\"thumbnailUrl\":\"https:\\\/\\\/braun-avocat.com\\\/wp-content\\\/uploads\\\/2023\\\/11\\\/Le_Parisien_logo.png\",\"datePublished\":\"2023-11-13T15:58:22+00:00\",\"dateModified\":\"2024-09-29T21:23:43+00:00\",\"description\":\"The \u201cCobra\u201d case: the perpetrator of a violent murder sentenced to 25 years' imprisonment, Alexandre Braun defended the victim's family. &#8226; Me Alexandre-M. BRAUN, Avocat P\u00e9naliste \u00e0 Paris et en Ile-de-France (91, 92, 93, 94, 95, 77, 78) - \u260e 01 71 19 78 71 - D\u00e9fense des victimes et mis en cause.\",\"breadcrumb\":{\"@id\":\"https:\\\/\\\/braun-avocat.com\\\/en\\\/the-cobra-case-the-perpetrator-of-a-violent-murder-sentenced-to-25-years-imprisonment-alexandre-braun-defended-the-victims-family\\\/#breadcrumb\"},\"inLanguage\":\"en-US\",\"potentialAction\":[{\"@type\":\"ReadAction\",\"target\":[\"https:\\\/\\\/braun-avocat.com\\\/en\\\/the-cobra-case-the-perpetrator-of-a-violent-murder-sentenced-to-25-years-imprisonment-alexandre-braun-defended-the-victims-family\\\/\"]}]},{\"@type\":\"ImageObject\",\"inLanguage\":\"en-US\",\"@id\":\"https:\\\/\\\/braun-avocat.com\\\/en\\\/the-cobra-case-the-perpetrator-of-a-violent-murder-sentenced-to-25-years-imprisonment-alexandre-braun-defended-the-victims-family\\\/#primaryimage\",\"url\":\"https:\\\/\\\/braun-avocat.com\\\/wp-content\\\/uploads\\\/2023\\\/11\\\/Le_Parisien_logo.png\",\"contentUrl\":\"https:\\\/\\\/braun-avocat.com\\\/wp-content\\\/uploads\\\/2023\\\/11\\\/Le_Parisien_logo.png\",\"width\":2560,\"height\":800},{\"@type\":\"BreadcrumbList\",\"@id\":\"https:\\\/\\\/braun-avocat.com\\\/en\\\/the-cobra-case-the-perpetrator-of-a-violent-murder-sentenced-to-25-years-imprisonment-alexandre-braun-defended-the-victims-family\\\/#breadcrumb\",\"itemListElement\":[{\"@type\":\"ListItem\",\"position\":1,\"name\":\"Home\",\"item\":\"https:\\\/\\\/braun-avocat.com\\\/en\\\/\"},{\"@type\":\"ListItem\",\"position\":2,\"name\":\"News\",\"item\":\"https:\\\/\\\/braun-avocat.com\\\/en\\\/news\\\/\"},{\"@type\":\"ListItem\",\"position\":3,\"name\":\"The \u201cCobra\u201d case: the perpetrator of a violent murder sentenced to 25 years&rsquo; imprisonment, Alexandre Braun defended the victim&rsquo;s family.\"}]},{\"@type\":\"WebSite\",\"@id\":\"https:\\\/\\\/braun-avocat.com\\\/en\\\/#website\",\"url\":\"https:\\\/\\\/braun-avocat.com\\\/en\\\/\",\"name\":\"Avocat Droit P\u00e9nal Paris\",\"description\":\"Avocat, D\u00e9fense P\u00e9nale, D\u00e9fense des victimes\",\"publisher\":{\"@id\":\"https:\\\/\\\/braun-avocat.com\\\/en\\\/#organization\"},\"potentialAction\":[{\"@type\":\"SearchAction\",\"target\":{\"@type\":\"EntryPoint\",\"urlTemplate\":\"https:\\\/\\\/braun-avocat.com\\\/en\\\/?s={search_term_string}\"},\"query-input\":{\"@type\":\"PropertyValueSpecification\",\"valueRequired\":true,\"valueName\":\"search_term_string\"}}],\"inLanguage\":\"en-US\"},{\"@type\":\"Organization\",\"@id\":\"https:\\\/\\\/braun-avocat.com\\\/en\\\/#organization\",\"name\":\"Avocat Droit P\u00e9nal Paris\",\"url\":\"https:\\\/\\\/braun-avocat.com\\\/en\\\/\",\"logo\":{\"@type\":\"ImageObject\",\"inLanguage\":\"en-US\",\"@id\":\"https:\\\/\\\/braun-avocat.com\\\/en\\\/#\\\/schema\\\/logo\\\/image\\\/\",\"url\":\"https:\\\/\\\/braun-avocat.com\\\/wp-content\\\/uploads\\\/2021\\\/07\\\/LOGO-BRAUN-01.svg\",\"contentUrl\":\"https:\\\/\\\/braun-avocat.com\\\/wp-content\\\/uploads\\\/2021\\\/07\\\/LOGO-BRAUN-01.svg\",\"caption\":\"Avocat Droit P\u00e9nal Paris\"},\"image\":{\"@id\":\"https:\\\/\\\/braun-avocat.com\\\/en\\\/#\\\/schema\\\/logo\\\/image\\\/\"}},{\"@type\":\"Person\",\"@id\":\"https:\\\/\\\/braun-avocat.com\\\/en\\\/#\\\/schema\\\/person\\\/d903129395abfe7a5c88b5cc61a5690b\",\"name\":\"Alexandre Braun\",\"image\":{\"@type\":\"ImageObject\",\"inLanguage\":\"en-US\",\"@id\":\"https:\\\/\\\/secure.gravatar.com\\\/avatar\\\/14277ba4c555bb33d7293aadc091f816300a105fed396123d0dd3b20b4774f22?s=96&d=mm&r=g\",\"url\":\"https:\\\/\\\/secure.gravatar.com\\\/avatar\\\/14277ba4c555bb33d7293aadc091f816300a105fed396123d0dd3b20b4774f22?s=96&d=mm&r=g\",\"contentUrl\":\"https:\\\/\\\/secure.gravatar.com\\\/avatar\\\/14277ba4c555bb33d7293aadc091f816300a105fed396123d0dd3b20b4774f22?s=96&d=mm&r=g\",\"caption\":\"Alexandre Braun\"}}]}<\/script>\n<!-- \/ Yoast SEO plugin. -->","yoast_head_json":{"title":"The \u201cCobra\u201d case: the perpetrator of a violent murder sentenced to 25 years' imprisonment, Alexandre Braun defended the victim's family. &#8226; Criminal lawyer in Paris","description":"The \u201cCobra\u201d case: the perpetrator of a violent murder sentenced to 25 years' imprisonment, Alexandre Braun defended the victim's family. &#8226; Me Alexandre-M. BRAUN, Avocat P\u00e9naliste \u00e0 Paris et en Ile-de-France (91, 92, 93, 94, 95, 77, 78) - \u260e 01 71 19 78 71 - D\u00e9fense des victimes et mis en cause.","robots":{"index":"index","follow":"follow","max-snippet":"max-snippet:-1","max-image-preview":"max-image-preview:large","max-video-preview":"max-video-preview:-1"},"canonical":"https:\/\/braun-avocat.com\/en\/the-cobra-case-the-perpetrator-of-a-violent-murder-sentenced-to-25-years-imprisonment-alexandre-braun-defended-the-victims-family\/","og_locale":"en_US","og_type":"article","og_title":"The \u201cCobra\u201d case: the perpetrator of a violent murder sentenced to 25 years' imprisonment, Alexandre Braun defended the victim's family. &#8226; Criminal lawyer in Paris","og_description":"The \u201cCobra\u201d case: the perpetrator of a violent murder sentenced to 25 years' imprisonment, Alexandre Braun defended the victim's family. &#8226; Me Alexandre-M. BRAUN, Avocat P\u00e9naliste \u00e0 Paris et en Ile-de-France (91, 92, 93, 94, 95, 77, 78) - \u260e 01 71 19 78 71 - D\u00e9fense des victimes et mis en cause.","og_url":"https:\/\/braun-avocat.com\/en\/the-cobra-case-the-perpetrator-of-a-violent-murder-sentenced-to-25-years-imprisonment-alexandre-braun-defended-the-victims-family\/","og_site_name":"Criminal lawyer in Paris","article_published_time":"2023-11-13T15:58:22+00:00","article_modified_time":"2024-09-29T21:23:43+00:00","og_image":[{"width":2560,"height":800,"url":"https:\/\/braun-avocat.com\/wp-content\/uploads\/2023\/11\/Le_Parisien_logo.png","type":"image\/png"}],"author":"Alexandre Braun","twitter_card":"summary_large_image","twitter_misc":{"Written by":"Alexandre Braun","Est. reading time":"3 minutes"},"schema":{"@context":"https:\/\/schema.org","@graph":[{"@type":"Article","@id":"https:\/\/braun-avocat.com\/en\/the-cobra-case-the-perpetrator-of-a-violent-murder-sentenced-to-25-years-imprisonment-alexandre-braun-defended-the-victims-family\/#article","isPartOf":{"@id":"https:\/\/braun-avocat.com\/en\/the-cobra-case-the-perpetrator-of-a-violent-murder-sentenced-to-25-years-imprisonment-alexandre-braun-defended-the-victims-family\/"},"author":{"name":"Alexandre Braun","@id":"https:\/\/braun-avocat.com\/en\/#\/schema\/person\/d903129395abfe7a5c88b5cc61a5690b"},"headline":"The \u201cCobra\u201d case: the perpetrator of a violent murder sentenced to 25 years&#8217; imprisonment, Alexandre Braun defended the victim&#8217;s family.","datePublished":"2023-11-13T15:58:22+00:00","dateModified":"2024-09-29T21:23:43+00:00","mainEntityOfPage":{"@id":"https:\/\/braun-avocat.com\/en\/the-cobra-case-the-perpetrator-of-a-violent-murder-sentenced-to-25-years-imprisonment-alexandre-braun-defended-the-victims-family\/"},"wordCount":652,"publisher":{"@id":"https:\/\/braun-avocat.com\/en\/#organization"},"image":{"@id":"https:\/\/braun-avocat.com\/en\/the-cobra-case-the-perpetrator-of-a-violent-murder-sentenced-to-25-years-imprisonment-alexandre-braun-defended-the-victims-family\/#primaryimage"},"thumbnailUrl":"https:\/\/braun-avocat.com\/wp-content\/uploads\/2023\/11\/Le_Parisien_logo.png","articleSection":["News","No sidebar EN"],"inLanguage":"en-US"},{"@type":"WebPage","@id":"https:\/\/braun-avocat.com\/en\/the-cobra-case-the-perpetrator-of-a-violent-murder-sentenced-to-25-years-imprisonment-alexandre-braun-defended-the-victims-family\/","url":"https:\/\/braun-avocat.com\/en\/the-cobra-case-the-perpetrator-of-a-violent-murder-sentenced-to-25-years-imprisonment-alexandre-braun-defended-the-victims-family\/","name":"The \u201cCobra\u201d case: the perpetrator of a violent murder sentenced to 25 years' imprisonment, Alexandre Braun defended the victim's family. &#8226; Criminal lawyer in Paris","isPartOf":{"@id":"https:\/\/braun-avocat.com\/en\/#website"},"primaryImageOfPage":{"@id":"https:\/\/braun-avocat.com\/en\/the-cobra-case-the-perpetrator-of-a-violent-murder-sentenced-to-25-years-imprisonment-alexandre-braun-defended-the-victims-family\/#primaryimage"},"image":{"@id":"https:\/\/braun-avocat.com\/en\/the-cobra-case-the-perpetrator-of-a-violent-murder-sentenced-to-25-years-imprisonment-alexandre-braun-defended-the-victims-family\/#primaryimage"},"thumbnailUrl":"https:\/\/braun-avocat.com\/wp-content\/uploads\/2023\/11\/Le_Parisien_logo.png","datePublished":"2023-11-13T15:58:22+00:00","dateModified":"2024-09-29T21:23:43+00:00","description":"The \u201cCobra\u201d case: the perpetrator of a violent murder sentenced to 25 years' imprisonment, Alexandre Braun defended the victim's family. &#8226; Me Alexandre-M. BRAUN, Avocat P\u00e9naliste \u00e0 Paris et en Ile-de-France (91, 92, 93, 94, 95, 77, 78) - \u260e 01 71 19 78 71 - D\u00e9fense des victimes et mis en cause.","breadcrumb":{"@id":"https:\/\/braun-avocat.com\/en\/the-cobra-case-the-perpetrator-of-a-violent-murder-sentenced-to-25-years-imprisonment-alexandre-braun-defended-the-victims-family\/#breadcrumb"},"inLanguage":"en-US","potentialAction":[{"@type":"ReadAction","target":["https:\/\/braun-avocat.com\/en\/the-cobra-case-the-perpetrator-of-a-violent-murder-sentenced-to-25-years-imprisonment-alexandre-braun-defended-the-victims-family\/"]}]},{"@type":"ImageObject","inLanguage":"en-US","@id":"https:\/\/braun-avocat.com\/en\/the-cobra-case-the-perpetrator-of-a-violent-murder-sentenced-to-25-years-imprisonment-alexandre-braun-defended-the-victims-family\/#primaryimage","url":"https:\/\/braun-avocat.com\/wp-content\/uploads\/2023\/11\/Le_Parisien_logo.png","contentUrl":"https:\/\/braun-avocat.com\/wp-content\/uploads\/2023\/11\/Le_Parisien_logo.png","width":2560,"height":800},{"@type":"BreadcrumbList","@id":"https:\/\/braun-avocat.com\/en\/the-cobra-case-the-perpetrator-of-a-violent-murder-sentenced-to-25-years-imprisonment-alexandre-braun-defended-the-victims-family\/#breadcrumb","itemListElement":[{"@type":"ListItem","position":1,"name":"Home","item":"https:\/\/braun-avocat.com\/en\/"},{"@type":"ListItem","position":2,"name":"News","item":"https:\/\/braun-avocat.com\/en\/news\/"},{"@type":"ListItem","position":3,"name":"The \u201cCobra\u201d case: the perpetrator of a violent murder sentenced to 25 years&rsquo; imprisonment, Alexandre Braun defended the victim&rsquo;s family."}]},{"@type":"WebSite","@id":"https:\/\/braun-avocat.com\/en\/#website","url":"https:\/\/braun-avocat.com\/en\/","name":"Avocat Droit P\u00e9nal Paris","description":"Avocat, D\u00e9fense P\u00e9nale, D\u00e9fense des victimes","publisher":{"@id":"https:\/\/braun-avocat.com\/en\/#organization"},"potentialAction":[{"@type":"SearchAction","target":{"@type":"EntryPoint","urlTemplate":"https:\/\/braun-avocat.com\/en\/?s={search_term_string}"},"query-input":{"@type":"PropertyValueSpecification","valueRequired":true,"valueName":"search_term_string"}}],"inLanguage":"en-US"},{"@type":"Organization","@id":"https:\/\/braun-avocat.com\/en\/#organization","name":"Avocat Droit P\u00e9nal Paris","url":"https:\/\/braun-avocat.com\/en\/","logo":{"@type":"ImageObject","inLanguage":"en-US","@id":"https:\/\/braun-avocat.com\/en\/#\/schema\/logo\/image\/","url":"https:\/\/braun-avocat.com\/wp-content\/uploads\/2021\/07\/LOGO-BRAUN-01.svg","contentUrl":"https:\/\/braun-avocat.com\/wp-content\/uploads\/2021\/07\/LOGO-BRAUN-01.svg","caption":"Avocat Droit P\u00e9nal Paris"},"image":{"@id":"https:\/\/braun-avocat.com\/en\/#\/schema\/logo\/image\/"}},{"@type":"Person","@id":"https:\/\/braun-avocat.com\/en\/#\/schema\/person\/d903129395abfe7a5c88b5cc61a5690b","name":"Alexandre Braun","image":{"@type":"ImageObject","inLanguage":"en-US","@id":"https:\/\/secure.gravatar.com\/avatar\/14277ba4c555bb33d7293aadc091f816300a105fed396123d0dd3b20b4774f22?s=96&d=mm&r=g","url":"https:\/\/secure.gravatar.com\/avatar\/14277ba4c555bb33d7293aadc091f816300a105fed396123d0dd3b20b4774f22?s=96&d=mm&r=g","contentUrl":"https:\/\/secure.gravatar.com\/avatar\/14277ba4c555bb33d7293aadc091f816300a105fed396123d0dd3b20b4774f22?s=96&d=mm&r=g","caption":"Alexandre Braun"}}]}},"_links":{"self":[{"href":"https:\/\/braun-avocat.com\/en\/wp-json\/wp\/v2\/posts\/13868","targetHints":{"allow":["GET"]}}],"collection":[{"href":"https:\/\/braun-avocat.com\/en\/wp-json\/wp\/v2\/posts"}],"about":[{"href":"https:\/\/braun-avocat.com\/en\/wp-json\/wp\/v2\/types\/post"}],"author":[{"embeddable":true,"href":"https:\/\/braun-avocat.com\/en\/wp-json\/wp\/v2\/users\/3"}],"replies":[{"embeddable":true,"href":"https:\/\/braun-avocat.com\/en\/wp-json\/wp\/v2\/comments?post=13868"}],"version-history":[{"count":0,"href":"https:\/\/braun-avocat.com\/en\/wp-json\/wp\/v2\/posts\/13868\/revisions"}],"wp:featuredmedia":[{"embeddable":true,"href":"https:\/\/braun-avocat.com\/en\/wp-json\/wp\/v2\/media\/13896"}],"wp:attachment":[{"href":"https:\/\/braun-avocat.com\/en\/wp-json\/wp\/v2\/media?parent=13868"}],"wp:term":[{"taxonomy":"category","embeddable":true,"href":"https:\/\/braun-avocat.com\/en\/wp-json\/wp\/v2\/categories?post=13868"},{"taxonomy":"post_tag","embeddable":true,"href":"https:\/\/braun-avocat.com\/en\/wp-json\/wp\/v2\/tags?post=13868"}],"curies":[{"name":"wp","href":"https:\/\/api.w.org\/{rel}","templated":true}]}}